{"id":6073,"date":"2015-12-11T18:09:56","date_gmt":"2015-12-11T17:09:56","guid":{"rendered":"https:\/\/www.belecasel.com\/en\/?p=6073"},"modified":"2020-05-07T19:49:58","modified_gmt":"2020-05-07T17:49:58","slug":"prosecco-refermented-bottle","status":"publish","type":"post","link":"https:\/\/www.belecasel.com\/en\/2015\/12\/11\/prosecco-refermented-bottle\/","title":{"rendered":"Which is correct: Prosecco Col Fondo or Prosecco Colf\u00f2ndo?"},"content":{"rendered":"<p>A noted American wine writer, <a href=\"https:\/\/twitter.com\/megmaker\/status\/674739480746729472\">Meg Houston Maker<\/a> (one of our favorites), recently tweeted to me asking about the correct spelling of <strong><em>col fondo.<\/em><\/strong><\/p>\n<p>&#8220;Jeremy, is it <strong><em>Colf\u00f2ndo<\/em><\/strong>, <strong><em>Col Fondo<\/em><\/strong>, <strong><em>Col F\u00f2ndo<\/em><\/strong>, <strong><em>Col F\u00f3ndo<\/em><\/strong>, or other? I see it all different ways. Thank you!&#8221;<\/p>\n<p>My answer to her was <strong><em>Col Fondo<\/em><\/strong>. That&#8217;s the correct Italian spelling of the designation, which means <strong><em>with its sediment<\/em><\/strong> (<strong><em>col<\/em><\/strong> is an articulated preposition of <strong><em>con<\/em><\/strong> and <strong><em>il<\/em><\/strong>, meaning <strong><em>with the<\/em><\/strong>, and <strong><em>fondo<\/em><\/strong> means <strong><em>bottom<\/em><\/strong> or <em><strong>sediment<\/strong><\/em> in Italian).<\/p>\n<p>But that doesn&#8217;t mean that it&#8217;s not correct for producers of <strong><em>Prosecco Col Fondo<\/em><\/strong> to write it in a different way on the label, like <strong><em>Bele Casel<\/em><\/strong>, who writes <strong><em>Colf\u00f2ndo<\/em><\/strong>.<\/p>\n<p>In <a href=\"http:\/\/www.prosecco.it\/docs\/disciplinare_it.pdf\">the official appellation regulations<\/a> for <strong><em>Prosecco DOCG<\/em><\/strong> (<strong><em>denominazione d&#8217;origine controllata e garantita<\/em><\/strong> or <strong><em>controlled and guaranteed origin designation<\/em><\/strong>), there is no mention of Col Fondo. There is only the inclusion of a clause that allows for <strong><em>refermentation in bottle<\/em><\/strong> and bottling of the wine without <strong><em>disgorgement<\/em><\/strong>.<\/p>\n<p>Professor <strong><em>Michele Fino<\/em><\/strong> of the <strong><em>University of Gastronomic Sciences<\/em><\/strong> in Piedmont, an expert in food and wine legislation, has proposed language that would include the option for winemakers to write Col Fondo on their labels. While under review and likely to be adopted, the proposed amendment has not yet been approved.<\/p>\n<p>In the meantime, many of the Prosecco Col Fondo producers display the designation Col Fondo in different ways, just like Bele Casel, who, I believe, uses Colf\u00f2ndo because they find it to look more attractive on the label.<\/p>\n<p>So while my answer to Meg was correct, I would have also included the above explanation in my tweet (if I weren&#8217;t limited to 140 characters!).<\/p>\n","protected":false},"excerpt":{"rendered":"<p>A noted American wine writer, Meg Houston Maker (one of our favorites), recently tweeted to me asking about the correct spelling of col fondo. &#8220;Jeremy, is it Colf\u00f2ndo, Col Fondo, Col F\u00f2ndo, Col F\u00f3ndo, or other? I see it all different ways. Thank you!&#8221; My answer to her was Col Fondo. That&#8217;s the correct Italian [&hellip;]<\/p>\n","protected":false},"author":2,"featured_media":6075,"comment_status":"open","ping_status":"open","sticky":false,"template":"","format":"standard","meta":{"ocean_front_end_style_editor":"no","ocean_post_layout":"","ocean_both_sidebars_style":"","ocean_both_sidebars_content_width":0,"ocean_both_sidebars_sidebars_width":0,"ocean_sidebar":"0","ocean_second_sidebar":"0","ocean_disable_margins":"enable","ocean_add_body_class":"","ocean_shortcode_before_top_bar":"","ocean_shortcode_after_top_bar":"","ocean_shortcode_before_header":"","ocean_shortcode_after_header":"","ocean_has_shortcode":"","ocean_shortcode_after_title":"","ocean_shortcode_before_footer_widgets":"","ocean_shortcode_after_footer_widgets":"","ocean_shortcode_before_footer_bottom":"","ocean_shortcode_after_footer_bottom":"","ocean_display_top_bar":"default","ocean_display_header":"default","ocean_header_style":"","ocean_center_header_left_menu":"0","ocean_custom_header_template":"0","ocean_custom_logo":0,"ocean_custom_retina_logo":0,"ocean_custom_logo_max_width":0,"ocean_custom_logo_tablet_max_width":0,"ocean_custom_logo_mobile_max_width":0,"ocean_custom_logo_max_height":0,"ocean_custom_logo_tablet_max_height":0,"ocean_custom_logo_mobile_max_height":0,"ocean_header_custom_menu":"0","ocean_menu_typo_font_family":"0","ocean_menu_typo_font_subset":"","ocean_menu_typo_font_size":0,"ocean_menu_typo_font_size_tablet":0,"ocean_menu_typo_font_size_mobile":0,"ocean_menu_typo_font_size_unit":"px","ocean_menu_typo_font_weight":"","ocean_menu_typo_font_weight_tablet":"","ocean_menu_typo_font_weight_mobile":"","ocean_menu_typo_transform":"","ocean_menu_typo_transform_tablet":"","ocean_menu_typo_transform_mobile":"","ocean_menu_typo_line_height":0,"ocean_menu_typo_line_height_tablet":0,"ocean_menu_typo_line_height_mobile":0,"ocean_menu_typo_line_height_unit":"","ocean_menu_typo_spacing":0,"ocean_menu_typo_spacing_tablet":0,"ocean_menu_typo_spacing_mobile":0,"ocean_menu_typo_spacing_unit":"","ocean_menu_link_color":"","ocean_menu_link_color_hover":"","ocean_menu_link_color_active":"","ocean_menu_link_background":"","ocean_menu_link_hover_background":"","ocean_menu_link_active_background":"","ocean_menu_social_links_bg":"","ocean_menu_social_hover_links_bg":"","ocean_menu_social_links_color":"","ocean_menu_social_hover_links_color":"","ocean_disable_title":"default","ocean_disable_heading":"default","ocean_post_title":"","ocean_post_subheading":"","ocean_post_title_style":"","ocean_post_title_background_color":"","ocean_post_title_background":0,"ocean_post_title_bg_image_position":"","ocean_post_title_bg_image_attachment":"","ocean_post_title_bg_image_repeat":"","ocean_post_title_bg_image_size":"","ocean_post_title_height":0,"ocean_post_title_bg_overlay":0.5,"ocean_post_title_bg_overlay_color":"","ocean_disable_breadcrumbs":"default","ocean_breadcrumbs_color":"","ocean_breadcrumbs_separator_color":"","ocean_breadcrumbs_links_color":"","ocean_breadcrumbs_links_hover_color":"","ocean_display_footer_widgets":"default","ocean_display_footer_bottom":"default","ocean_custom_footer_template":"0","ocean_post_oembed":"","ocean_post_self_hosted_media":"","ocean_post_video_embed":"","ocean_link_format":"","ocean_link_format_target":"self","ocean_quote_format":"","ocean_quote_format_link":"post","ocean_gallery_link_images":"off","ocean_gallery_id":[],"footnotes":""},"categories":[6],"tags":[],"class_list":["post-6073","post","type-post","status-publish","format-standard","has-post-thumbnail","hentry","category-uncategorized","entry","has-media"],"yoast_head":"<!-- This site is optimized with the Yoast SEO plugin v28.3 - https:\/\/yoast.com\/product\/yoast-seo-wordpress\/ -->\n<title>Is it Prosecco Col Fondo or Prosecco Colf\u00f2ndo?<\/title>\n<meta name=\"description\" content=\"A favorite wine writers asks us to clarify the correct spelling of Prosecco Col Fondo\" \/>\n<meta name=\"robots\" content=\"index, follow, max-snippet:-1, max-image-preview:large, max-video-preview:-1\" \/>\n<link rel=\"canonical\" href=\"https:\/\/www.belecasel.com\/en\/2015\/12\/11\/prosecco-refermented-bottle\/\" \/>\n<meta property=\"og:locale\" content=\"en_US\" \/>\n<meta property=\"og:type\" content=\"article\" \/>\n<meta property=\"og:title\" content=\"Is it Prosecco Col Fondo or Prosecco Colf\u00f2ndo?\" \/>\n<meta property=\"og:description\" content=\"A favorite wine writers asks us to clarify the correct spelling of Prosecco Col Fondo\" \/>\n<meta property=\"og:url\" content=\"https:\/\/www.belecasel.com\/en\/2015\/12\/11\/prosecco-refermented-bottle\/\" \/>\n<meta property=\"og:site_name\" content=\"Bele Casel e l&#039;Asolo Prosecco DOCG\" \/>\n<meta property=\"article:published_time\" content=\"2015-12-11T17:09:56+00:00\" \/>\n<meta property=\"article:modified_time\" content=\"2020-05-07T17:49:58+00:00\" \/>\n<meta name=\"author\" content=\"Bele Casel\" \/>\n<meta name=\"twitter:card\" content=\"summary_large_image\" \/>\n<meta name=\"twitter:label1\" content=\"Written by\" \/>\n\t<meta name=\"twitter:data1\" content=\"Bele Casel\" \/>\n\t<meta name=\"twitter:label2\" content=\"Est. reading time\" \/>\n\t<meta name=\"twitter:data2\" content=\"1 minute\" \/>\n<script type=\"application\/ld+json\" class=\"yoast-schema-graph\">{\"@context\":\"https:\\\/\\\/schema.org\",\"@graph\":[{\"@type\":\"Article\",\"@id\":\"https:\\\/\\\/www.belecasel.com\\\/en\\\/2015\\\/12\\\/11\\\/prosecco-refermented-bottle\\\/#article\",\"isPartOf\":{\"@id\":\"https:\\\/\\\/www.belecasel.com\\\/en\\\/2015\\\/12\\\/11\\\/prosecco-refermented-bottle\\\/\"},\"author\":{\"name\":\"Bele Casel\",\"@id\":\"https:\\\/\\\/www.belecasel.com\\\/en\\\/#\\\/schema\\\/person\\\/2b036793f5febeae34145db33f6fb727\"},\"headline\":\"Which is correct: Prosecco Col Fondo or Prosecco Colf\u00f2ndo?\",\"datePublished\":\"2015-12-11T17:09:56+00:00\",\"dateModified\":\"2020-05-07T17:49:58+00:00\",\"mainEntityOfPage\":{\"@id\":\"https:\\\/\\\/www.belecasel.com\\\/en\\\/2015\\\/12\\\/11\\\/prosecco-refermented-bottle\\\/\"},\"wordCount\":295,\"commentCount\":2,\"publisher\":{\"@id\":\"https:\\\/\\\/www.belecasel.com\\\/en\\\/#organization\"},\"image\":{\"@id\":\"https:\\\/\\\/www.belecasel.com\\\/en\\\/2015\\\/12\\\/11\\\/prosecco-refermented-bottle\\\/#primaryimage\"},\"thumbnailUrl\":\"\",\"inLanguage\":\"en-US\",\"potentialAction\":[{\"@type\":\"CommentAction\",\"name\":\"Comment\",\"target\":[\"https:\\\/\\\/www.belecasel.com\\\/en\\\/2015\\\/12\\\/11\\\/prosecco-refermented-bottle\\\/#respond\"]}]},{\"@type\":\"WebPage\",\"@id\":\"https:\\\/\\\/www.belecasel.com\\\/en\\\/2015\\\/12\\\/11\\\/prosecco-refermented-bottle\\\/\",\"url\":\"https:\\\/\\\/www.belecasel.com\\\/en\\\/2015\\\/12\\\/11\\\/prosecco-refermented-bottle\\\/\",\"name\":\"Is it Prosecco Col Fondo or Prosecco Colf\u00f2ndo?\",\"isPartOf\":{\"@id\":\"https:\\\/\\\/www.belecasel.com\\\/en\\\/#website\"},\"primaryImageOfPage\":{\"@id\":\"https:\\\/\\\/www.belecasel.com\\\/en\\\/2015\\\/12\\\/11\\\/prosecco-refermented-bottle\\\/#primaryimage\"},\"image\":{\"@id\":\"https:\\\/\\\/www.belecasel.com\\\/en\\\/2015\\\/12\\\/11\\\/prosecco-refermented-bottle\\\/#primaryimage\"},\"thumbnailUrl\":\"\",\"datePublished\":\"2015-12-11T17:09:56+00:00\",\"dateModified\":\"2020-05-07T17:49:58+00:00\",\"description\":\"A favorite wine writers asks us to clarify the correct spelling of Prosecco Col Fondo\",\"breadcrumb\":{\"@id\":\"https:\\\/\\\/www.belecasel.com\\\/en\\\/2015\\\/12\\\/11\\\/prosecco-refermented-bottle\\\/#breadcrumb\"},\"inLanguage\":\"en-US\",\"potentialAction\":[{\"@type\":\"ReadAction\",\"target\":[\"https:\\\/\\\/www.belecasel.com\\\/en\\\/2015\\\/12\\\/11\\\/prosecco-refermented-bottle\\\/\"]}]},{\"@type\":\"ImageObject\",\"inLanguage\":\"en-US\",\"@id\":\"https:\\\/\\\/www.belecasel.com\\\/en\\\/2015\\\/12\\\/11\\\/prosecco-refermented-bottle\\\/#primaryimage\",\"url\":\"\",\"contentUrl\":\"\"},{\"@type\":\"BreadcrumbList\",\"@id\":\"https:\\\/\\\/www.belecasel.com\\\/en\\\/2015\\\/12\\\/11\\\/prosecco-refermented-bottle\\\/#breadcrumb\",\"itemListElement\":[{\"@type\":\"ListItem\",\"position\":1,\"name\":\"Home\",\"item\":\"https:\\\/\\\/www.belecasel.com\\\/en\\\/\"},{\"@type\":\"ListItem\",\"position\":2,\"name\":\"Which is correct: Prosecco Col Fondo or Prosecco Colf\u00f2ndo?\"}]},{\"@type\":\"WebSite\",\"@id\":\"https:\\\/\\\/www.belecasel.com\\\/en\\\/#website\",\"url\":\"https:\\\/\\\/www.belecasel.com\\\/en\\\/\",\"name\":\"Bele Casel e l'Asolo Prosecco DOCG\",\"description\":\"Vignaioli di famiglia\",\"publisher\":{\"@id\":\"https:\\\/\\\/www.belecasel.com\\\/en\\\/#organization\"},\"potentialAction\":[{\"@type\":\"SearchAction\",\"target\":{\"@type\":\"EntryPoint\",\"urlTemplate\":\"https:\\\/\\\/www.belecasel.com\\\/en\\\/?s={search_term_string}\"},\"query-input\":{\"@type\":\"PropertyValueSpecification\",\"valueRequired\":true,\"valueName\":\"search_term_string\"}}],\"inLanguage\":\"en-US\"},{\"@type\":\"Organization\",\"@id\":\"https:\\\/\\\/www.belecasel.com\\\/en\\\/#organization\",\"name\":\"Bele Casel\",\"url\":\"https:\\\/\\\/www.belecasel.com\\\/en\\\/\",\"logo\":{\"@type\":\"ImageObject\",\"inLanguage\":\"en-US\",\"@id\":\"https:\\\/\\\/www.belecasel.com\\\/en\\\/#\\\/schema\\\/logo\\\/image\\\/\",\"url\":\"https:\\\/\\\/www.belecasel.com\\\/wp-content\\\/uploads\\\/2020\\\/04\\\/bele_casel_logo_quad.png\",\"contentUrl\":\"https:\\\/\\\/www.belecasel.com\\\/wp-content\\\/uploads\\\/2020\\\/04\\\/bele_casel_logo_quad.png\",\"width\":512,\"height\":512,\"caption\":\"Bele Casel\"},\"image\":{\"@id\":\"https:\\\/\\\/www.belecasel.com\\\/en\\\/#\\\/schema\\\/logo\\\/image\\\/\"}},{\"@type\":\"Person\",\"@id\":\"https:\\\/\\\/www.belecasel.com\\\/en\\\/#\\\/schema\\\/person\\\/2b036793f5febeae34145db33f6fb727\",\"name\":\"Bele Casel\",\"image\":{\"@type\":\"ImageObject\",\"inLanguage\":\"en-US\",\"@id\":\"https:\\\/\\\/secure.gravatar.com\\\/avatar\\\/b34a7a4b7fff37bea52ab9743a595e3a6c1973f23fdba2aa668b4c8042433c61?s=96&d=mm&r=g\",\"url\":\"https:\\\/\\\/secure.gravatar.com\\\/avatar\\\/b34a7a4b7fff37bea52ab9743a595e3a6c1973f23fdba2aa668b4c8042433c61?s=96&d=mm&r=g\",\"contentUrl\":\"https:\\\/\\\/secure.gravatar.com\\\/avatar\\\/b34a7a4b7fff37bea52ab9743a595e3a6c1973f23fdba2aa668b4c8042433c61?s=96&d=mm&r=g\",\"caption\":\"Bele Casel\"},\"url\":\"https:\\\/\\\/www.belecasel.com\\\/en\\\/author\\\/bele_casel\\\/\"}]}<\/script>\n<!-- \/ Yoast SEO plugin. -->","yoast_head_json":{"title":"Is it Prosecco Col Fondo or Prosecco Colf\u00f2ndo?","description":"A favorite wine writers asks us to clarify the correct spelling of Prosecco Col Fondo","robots":{"index":"index","follow":"follow","max-snippet":"max-snippet:-1","max-image-preview":"max-image-preview:large","max-video-preview":"max-video-preview:-1"},"canonical":"https:\/\/www.belecasel.com\/en\/2015\/12\/11\/prosecco-refermented-bottle\/","og_locale":"en_US","og_type":"article","og_title":"Is it Prosecco Col Fondo or Prosecco Colf\u00f2ndo?","og_description":"A favorite wine writers asks us to clarify the correct spelling of Prosecco Col Fondo","og_url":"https:\/\/www.belecasel.com\/en\/2015\/12\/11\/prosecco-refermented-bottle\/","og_site_name":"Bele Casel e l'Asolo Prosecco DOCG","article_published_time":"2015-12-11T17:09:56+00:00","article_modified_time":"2020-05-07T17:49:58+00:00","author":"Bele Casel","twitter_card":"summary_large_image","twitter_misc":{"Written by":"Bele Casel","Est. reading time":"1 minute"},"schema":{"@context":"https:\/\/schema.org","@graph":[{"@type":"Article","@id":"https:\/\/www.belecasel.com\/en\/2015\/12\/11\/prosecco-refermented-bottle\/#article","isPartOf":{"@id":"https:\/\/www.belecasel.com\/en\/2015\/12\/11\/prosecco-refermented-bottle\/"},"author":{"name":"Bele Casel","@id":"https:\/\/www.belecasel.com\/en\/#\/schema\/person\/2b036793f5febeae34145db33f6fb727"},"headline":"Which is correct: Prosecco Col Fondo or Prosecco Colf\u00f2ndo?","datePublished":"2015-12-11T17:09:56+00:00","dateModified":"2020-05-07T17:49:58+00:00","mainEntityOfPage":{"@id":"https:\/\/www.belecasel.com\/en\/2015\/12\/11\/prosecco-refermented-bottle\/"},"wordCount":295,"commentCount":2,"publisher":{"@id":"https:\/\/www.belecasel.com\/en\/#organization"},"image":{"@id":"https:\/\/www.belecasel.com\/en\/2015\/12\/11\/prosecco-refermented-bottle\/#primaryimage"},"thumbnailUrl":"","inLanguage":"en-US","potentialAction":[{"@type":"CommentAction","name":"Comment","target":["https:\/\/www.belecasel.com\/en\/2015\/12\/11\/prosecco-refermented-bottle\/#respond"]}]},{"@type":"WebPage","@id":"https:\/\/www.belecasel.com\/en\/2015\/12\/11\/prosecco-refermented-bottle\/","url":"https:\/\/www.belecasel.com\/en\/2015\/12\/11\/prosecco-refermented-bottle\/","name":"Is it Prosecco Col Fondo or Prosecco Colf\u00f2ndo?","isPartOf":{"@id":"https:\/\/www.belecasel.com\/en\/#website"},"primaryImageOfPage":{"@id":"https:\/\/www.belecasel.com\/en\/2015\/12\/11\/prosecco-refermented-bottle\/#primaryimage"},"image":{"@id":"https:\/\/www.belecasel.com\/en\/2015\/12\/11\/prosecco-refermented-bottle\/#primaryimage"},"thumbnailUrl":"","datePublished":"2015-12-11T17:09:56+00:00","dateModified":"2020-05-07T17:49:58+00:00","description":"A favorite wine writers asks us to clarify the correct spelling of Prosecco Col Fondo","breadcrumb":{"@id":"https:\/\/www.belecasel.com\/en\/2015\/12\/11\/prosecco-refermented-bottle\/#breadcrumb"},"inLanguage":"en-US","potentialAction":[{"@type":"ReadAction","target":["https:\/\/www.belecasel.com\/en\/2015\/12\/11\/prosecco-refermented-bottle\/"]}]},{"@type":"ImageObject","inLanguage":"en-US","@id":"https:\/\/www.belecasel.com\/en\/2015\/12\/11\/prosecco-refermented-bottle\/#primaryimage","url":"","contentUrl":""},{"@type":"BreadcrumbList","@id":"https:\/\/www.belecasel.com\/en\/2015\/12\/11\/prosecco-refermented-bottle\/#breadcrumb","itemListElement":[{"@type":"ListItem","position":1,"name":"Home","item":"https:\/\/www.belecasel.com\/en\/"},{"@type":"ListItem","position":2,"name":"Which is correct: Prosecco Col Fondo or Prosecco Colf\u00f2ndo?"}]},{"@type":"WebSite","@id":"https:\/\/www.belecasel.com\/en\/#website","url":"https:\/\/www.belecasel.com\/en\/","name":"Bele Casel e l'Asolo Prosecco DOCG","description":"Vignaioli di famiglia","publisher":{"@id":"https:\/\/www.belecasel.com\/en\/#organization"},"potentialAction":[{"@type":"SearchAction","target":{"@type":"EntryPoint","urlTemplate":"https:\/\/www.belecasel.com\/en\/?s={search_term_string}"},"query-input":{"@type":"PropertyValueSpecification","valueRequired":true,"valueName":"search_term_string"}}],"inLanguage":"en-US"},{"@type":"Organization","@id":"https:\/\/www.belecasel.com\/en\/#organization","name":"Bele Casel","url":"https:\/\/www.belecasel.com\/en\/","logo":{"@type":"ImageObject","inLanguage":"en-US","@id":"https:\/\/www.belecasel.com\/en\/#\/schema\/logo\/image\/","url":"https:\/\/www.belecasel.com\/wp-content\/uploads\/2020\/04\/bele_casel_logo_quad.png","contentUrl":"https:\/\/www.belecasel.com\/wp-content\/uploads\/2020\/04\/bele_casel_logo_quad.png","width":512,"height":512,"caption":"Bele Casel"},"image":{"@id":"https:\/\/www.belecasel.com\/en\/#\/schema\/logo\/image\/"}},{"@type":"Person","@id":"https:\/\/www.belecasel.com\/en\/#\/schema\/person\/2b036793f5febeae34145db33f6fb727","name":"Bele Casel","image":{"@type":"ImageObject","inLanguage":"en-US","@id":"https:\/\/secure.gravatar.com\/avatar\/b34a7a4b7fff37bea52ab9743a595e3a6c1973f23fdba2aa668b4c8042433c61?s=96&d=mm&r=g","url":"https:\/\/secure.gravatar.com\/avatar\/b34a7a4b7fff37bea52ab9743a595e3a6c1973f23fdba2aa668b4c8042433c61?s=96&d=mm&r=g","contentUrl":"https:\/\/secure.gravatar.com\/avatar\/b34a7a4b7fff37bea52ab9743a595e3a6c1973f23fdba2aa668b4c8042433c61?s=96&d=mm&r=g","caption":"Bele Casel"},"url":"https:\/\/www.belecasel.com\/en\/author\/bele_casel\/"}]}},"_links":{"self":[{"href":"https:\/\/www.belecasel.com\/en\/wp-json\/wp\/v2\/posts\/6073","targetHints":{"allow":["GET"]}}],"collection":[{"href":"https:\/\/www.belecasel.com\/en\/wp-json\/wp\/v2\/posts"}],"about":[{"href":"https:\/\/www.belecasel.com\/en\/wp-json\/wp\/v2\/types\/post"}],"author":[{"embeddable":true,"href":"https:\/\/www.belecasel.com\/en\/wp-json\/wp\/v2\/users\/2"}],"replies":[{"embeddable":true,"href":"https:\/\/www.belecasel.com\/en\/wp-json\/wp\/v2\/comments?post=6073"}],"version-history":[{"count":0,"href":"https:\/\/www.belecasel.com\/en\/wp-json\/wp\/v2\/posts\/6073\/revisions"}],"wp:attachment":[{"href":"https:\/\/www.belecasel.com\/en\/wp-json\/wp\/v2\/media?parent=6073"}],"wp:term":[{"taxonomy":"category","embeddable":true,"href":"https:\/\/www.belecasel.com\/en\/wp-json\/wp\/v2\/categories?post=6073"},{"taxonomy":"post_tag","embeddable":true,"href":"https:\/\/www.belecasel.com\/en\/wp-json\/wp\/v2\/tags?post=6073"}],"curies":[{"name":"wp","href":"https:\/\/api.w.org\/{rel}","templated":true}]}}